{"id":1,"count":2,"description":"","link":"http:\/\/dawidtarczynski.pl\/index.php\/category\/uncategorized\/","name":"Uncategorized","slug":"uncategorized","taxonomy":"category","parent":0,"meta":[],"yoast_head":"<!-- This site is optimized with the Yoast SEO plugin v22.6 - https:\/\/yoast.com\/wordpress\/plugins\/seo\/ -->\n<title>Archiwa Uncategorized - Mediator s\u0105dowy i pozas\u0105dowy Przemy\u015bl<\/title>\n<meta name=\"robots\" content=\"index, follow, max-snippet:-1, max-image-preview:large, max-video-preview:-1\" \/>\n<link rel=\"canonical\" href=\"http:\/\/dawidtarczynski.pl\/index.php\/category\/uncategorized\/\" \/>\n<meta property=\"og:locale\" content=\"pl_PL\" \/>\n<meta property=\"og:type\" content=\"article\" \/>\n<meta property=\"og:title\" content=\"Archiwa Uncategorized - Mediator s\u0105dowy i pozas\u0105dowy Przemy\u015bl\" \/>\n<meta property=\"og:url\" content=\"http:\/\/dawidtarczynski.pl\/index.php\/category\/uncategorized\/\" \/>\n<meta property=\"og:site_name\" content=\"Mediator s\u0105dowy i pozas\u0105dowy Przemy\u015bl\" \/>\n<meta name=\"twitter:card\" content=\"summary_large_image\" \/>\n<script type=\"application\/ld+json\" class=\"yoast-schema-graph\">{\"@context\":\"https:\/\/schema.org\",\"@graph\":[{\"@type\":\"CollectionPage\",\"@id\":\"http:\/\/dawidtarczynski.pl\/index.php\/category\/uncategorized\/\",\"url\":\"http:\/\/dawidtarczynski.pl\/index.php\/category\/uncategorized\/\",\"name\":\"Archiwa Uncategorized - Mediator s\u0105dowy i pozas\u0105dowy Przemy\u015bl\",\"isPartOf\":{\"@id\":\"https:\/\/dawidtarczynski.pl\/#website\"},\"breadcrumb\":{\"@id\":\"http:\/\/dawidtarczynski.pl\/index.php\/category\/uncategorized\/#breadcrumb\"},\"inLanguage\":\"pl-PL\"},{\"@type\":\"BreadcrumbList\",\"@id\":\"http:\/\/dawidtarczynski.pl\/index.php\/category\/uncategorized\/#breadcrumb\",\"itemListElement\":[{\"@type\":\"ListItem\",\"position\":1,\"name\":\"Strona g\u0142\u00f3wna\",\"item\":\"http:\/\/dawidtarczynski.pl\/\"},{\"@type\":\"ListItem\",\"position\":2,\"name\":\"Uncategorized\"}]},{\"@type\":\"WebSite\",\"@id\":\"https:\/\/dawidtarczynski.pl\/#website\",\"url\":\"https:\/\/dawidtarczynski.pl\/\",\"name\":\"Mediator s\u0105dowy i pozas\u0105dowy Przemy\u015bl\",\"description\":\"Jestem sta\u0142ym mediatorem s\u0105dowym i pozas\u0105dowym. Posiadam uprawnienia do prowadzenia mediacji cywilnych (rodzinnych, gospodarczych, biznesowych, pracowniczych, medycznych, o\u015bwiatowych, transgranicznych, s\u0105siedzkich, mi\u0119dzypokoleniowych, spadkowych, innych cywilnych), karnych i nieletnich oraz kilkuletnie do\u015bwiadczenie mediatora. R&oacute;wnocze\u015bnie jestem cz\u0142onkiem Polskiego Centrum Mediacji i prawnikiem. Oferuj\u0119 Pa\u0144stwu mo\u017cliwo\u015b\u0107 prowadzenie mediacji zar&oacute;wno w formie bezpo\u015bredniej (spotkania stron w obecno\u015bci mediatora), jak r&oacute;wnie\u017c po\u015bredniej (ka\u017cda ze stron spotyka si\u0119 z mediatorem osobno) oraz z wykorzystaniem \u015brodk&oacute;w komunikacji elektronicznej (internetu). W przypadku zaistnienia takiej potrzeby mo\u017cliwe jest prowadzenie mediacji z udzia\u0142em innych specjalist&oacute;w w dyskretnej i przyjaznej atmosferze.\",\"publisher\":{\"@id\":\"https:\/\/dawidtarczynski.pl\/#organization\"},\"potentialAction\":[{\"@type\":\"SearchAction\",\"target\":{\"@type\":\"EntryPoint\",\"urlTemplate\":\"https:\/\/dawidtarczynski.pl\/?s={search_term_string}\"},\"query-input\":\"required name=search_term_string\"}],\"inLanguage\":\"pl-PL\"},{\"@type\":\"Organization\",\"@id\":\"https:\/\/dawidtarczynski.pl\/#organization\",\"name\":\"Dawid Tarczy\u0144ski mediator s\u0105dowy i pozas\u0105dowy\",\"url\":\"https:\/\/dawidtarczynski.pl\/\",\"logo\":{\"@type\":\"ImageObject\",\"inLanguage\":\"pl-PL\",\"@id\":\"https:\/\/dawidtarczynski.pl\/#\/schema\/logo\/image\/\",\"url\":\"http:\/\/dawidtarczynski.pl\/wp-content\/uploads\/2022\/04\/logo2.png\",\"contentUrl\":\"http:\/\/dawidtarczynski.pl\/wp-content\/uploads\/2022\/04\/logo2.png\",\"width\":223,\"height\":67,\"caption\":\"Dawid Tarczy\u0144ski mediator s\u0105dowy i pozas\u0105dowy\"},\"image\":{\"@id\":\"https:\/\/dawidtarczynski.pl\/#\/schema\/logo\/image\/\"}}]}<\/script>\n<!-- \/ Yoast SEO plugin. -->","yoast_head_json":{"title":"Archiwa Uncategorized - Mediator s\u0105dowy i pozas\u0105dowy Przemy\u015bl","robots":{"index":"index","follow":"follow","max-snippet":"max-snippet:-1","max-image-preview":"max-image-preview:large","max-video-preview":"max-video-preview:-1"},"canonical":"http:\/\/dawidtarczynski.pl\/index.php\/category\/uncategorized\/","og_locale":"pl_PL","og_type":"article","og_title":"Archiwa Uncategorized - Mediator s\u0105dowy i pozas\u0105dowy Przemy\u015bl","og_url":"http:\/\/dawidtarczynski.pl\/index.php\/category\/uncategorized\/","og_site_name":"Mediator s\u0105dowy i pozas\u0105dowy Przemy\u015bl","twitter_card":"summary_large_image","schema":{"@context":"https:\/\/schema.org","@graph":[{"@type":"CollectionPage","@id":"http:\/\/dawidtarczynski.pl\/index.php\/category\/uncategorized\/","url":"http:\/\/dawidtarczynski.pl\/index.php\/category\/uncategorized\/","name":"Archiwa Uncategorized - Mediator s\u0105dowy i pozas\u0105dowy Przemy\u015bl","isPartOf":{"@id":"https:\/\/dawidtarczynski.pl\/#website"},"breadcrumb":{"@id":"http:\/\/dawidtarczynski.pl\/index.php\/category\/uncategorized\/#breadcrumb"},"inLanguage":"pl-PL"},{"@type":"BreadcrumbList","@id":"http:\/\/dawidtarczynski.pl\/index.php\/category\/uncategorized\/#breadcrumb","itemListElement":[{"@type":"ListItem","position":1,"name":"Strona g\u0142\u00f3wna","item":"http:\/\/dawidtarczynski.pl\/"},{"@type":"ListItem","position":2,"name":"Uncategorized"}]},{"@type":"WebSite","@id":"https:\/\/dawidtarczynski.pl\/#website","url":"https:\/\/dawidtarczynski.pl\/","name":"Mediator s\u0105dowy i pozas\u0105dowy Przemy\u015bl","description":"Jestem sta\u0142ym mediatorem s\u0105dowym i pozas\u0105dowym. Posiadam uprawnienia do prowadzenia mediacji cywilnych (rodzinnych, gospodarczych, biznesowych, pracowniczych, medycznych, o\u015bwiatowych, transgranicznych, s\u0105siedzkich, mi\u0119dzypokoleniowych, spadkowych, innych cywilnych), karnych i nieletnich oraz kilkuletnie do\u015bwiadczenie mediatora. R&oacute;wnocze\u015bnie jestem cz\u0142onkiem Polskiego Centrum Mediacji i prawnikiem. Oferuj\u0119 Pa\u0144stwu mo\u017cliwo\u015b\u0107 prowadzenie mediacji zar&oacute;wno w formie bezpo\u015bredniej (spotkania stron w obecno\u015bci mediatora), jak r&oacute;wnie\u017c po\u015bredniej (ka\u017cda ze stron spotyka si\u0119 z mediatorem osobno) oraz z wykorzystaniem \u015brodk&oacute;w komunikacji elektronicznej (internetu). W przypadku zaistnienia takiej potrzeby mo\u017cliwe jest prowadzenie mediacji z udzia\u0142em innych specjalist&oacute;w w dyskretnej i przyjaznej atmosferze.","publisher":{"@id":"https:\/\/dawidtarczynski.pl\/#organization"},"potentialAction":[{"@type":"SearchAction","target":{"@type":"EntryPoint","urlTemplate":"https:\/\/dawidtarczynski.pl\/?s={search_term_string}"},"query-input":"required name=search_term_string"}],"inLanguage":"pl-PL"},{"@type":"Organization","@id":"https:\/\/dawidtarczynski.pl\/#organization","name":"Dawid Tarczy\u0144ski mediator s\u0105dowy i pozas\u0105dowy","url":"https:\/\/dawidtarczynski.pl\/","logo":{"@type":"ImageObject","inLanguage":"pl-PL","@id":"https:\/\/dawidtarczynski.pl\/#\/schema\/logo\/image\/","url":"http:\/\/dawidtarczynski.pl\/wp-content\/uploads\/2022\/04\/logo2.png","contentUrl":"http:\/\/dawidtarczynski.pl\/wp-content\/uploads\/2022\/04\/logo2.png","width":223,"height":67,"caption":"Dawid Tarczy\u0144ski mediator s\u0105dowy i pozas\u0105dowy"},"image":{"@id":"https:\/\/dawidtarczynski.pl\/#\/schema\/logo\/image\/"}}]}},"_links":{"self":[{"href":"http:\/\/dawidtarczynski.pl\/index.php\/wp-json\/wp\/v2\/categories\/1","targetHints":{"allow":["GET"]}}],"collection":[{"href":"http:\/\/dawidtarczynski.pl\/index.php\/wp-json\/wp\/v2\/categories"}],"about":[{"href":"http:\/\/dawidtarczynski.pl\/index.php\/wp-json\/wp\/v2\/taxonomies\/category"}],"wp:post_type":[{"href":"http:\/\/dawidtarczynski.pl\/index.php\/wp-json\/wp\/v2\/posts?categories=1"}],"curies":[{"name":"wp","href":"https:\/\/api.w.org\/{rel}","templated":true}]}}