{"id":1574,"date":"2022-07-07T09:47:28","date_gmt":"2022-07-07T09:47:28","guid":{"rendered":"http:\/\/dawidtarczynski.pl\/?p=1574"},"modified":"2022-07-07T09:47:30","modified_gmt":"2022-07-07T09:47:30","slug":"wpis-2","status":"publish","type":"post","link":"http:\/\/dawidtarczynski.pl\/index.php\/2022\/07\/07\/wpis-2\/","title":{"rendered":"Wpis 2"},"content":{"rendered":"\n<p>07.07.2022r.<\/p>\n","protected":false},"excerpt":{"rendered":"<p>07.07.2022r.<\/p>\n","protected":false},"author":1,"featured_media":0,"comment_status":"closed","ping_status":"open","sticky":false,"template":"","format":"standard","meta":{"site-sidebar-layout":"default","site-content-layout":"","ast-site-content-layout":"default","site-content-style":"default","site-sidebar-style":"default","ast-global-header-display":"","ast-banner-title-visibility":"","ast-main-header-display":"","ast-hfb-above-header-display":"","ast-hfb-below-header-display":"","ast-hfb-mobile-header-display":"","site-post-title":"","ast-breadcrumbs-content":"","ast-featured-img":"","footer-sml-layout":"","ast-disable-related-posts":"","theme-transparent-header-meta":"","adv-header-id-meta":"","stick-header-meta":"","header-above-stick-meta":"","header-main-stick-meta":"","header-below-stick-meta":"","astra-migrate-meta-layouts":"default","ast-page-background-enabled":"default","ast-page-background-meta":{"desktop":{"background-color":"","background-image":"","background-repeat":"repeat","background-position":"center center","background-size":"auto","background-attachment":"scroll","background-type":"","background-media":"","overlay-type":"","overlay-color":"","overlay-opacity":"","overlay-gradient":""},"tablet":{"background-color":"","background-image":"","background-repeat":"repeat","background-position":"center center","background-size":"auto","background-attachment":"scroll","background-type":"","background-media":"","overlay-type":"","overlay-color":"","overlay-opacity":"","overlay-gradient":""},"mobile":{"background-color":"","background-image":"","background-repeat":"repeat","background-position":"center center","background-size":"auto","background-attachment":"scroll","background-type":"","background-media":"","overlay-type":"","overlay-color":"","overlay-opacity":"","overlay-gradient":""}},"ast-content-background-meta":{"desktop":{"background-color":"var(--ast-global-color-5)","background-image":"","background-repeat":"repeat","background-position":"center center","background-size":"auto","background-attachment":"scroll","background-type":"","background-media":"","overlay-type":"","overlay-color":"","overlay-opacity":"","overlay-gradient":""},"tablet":{"background-color":"var(--ast-global-color-5)","background-image":"","background-repeat":"repeat","background-position":"center center","background-size":"auto","background-attachment":"scroll","background-type":"","background-media":"","overlay-type":"","overlay-color":"","overlay-opacity":"","overlay-gradient":""},"mobile":{"background-color":"var(--ast-global-color-5)","background-image":"","background-repeat":"repeat","background-position":"center center","background-size":"auto","background-attachment":"scroll","background-type":"","background-media":"","overlay-type":"","overlay-color":"","overlay-opacity":"","overlay-gradient":""}},"footnotes":""},"categories":[1],"tags":[],"class_list":["post-1574","post","type-post","status-publish","format-standard","hentry","category-uncategorized"],"yoast_head":"<!-- This site is optimized with the Yoast SEO plugin v22.6 - https:\/\/yoast.com\/wordpress\/plugins\/seo\/ -->\n<title>Wpis 2 - Mediator s\u0105dowy i pozas\u0105dowy Przemy\u015bl<\/title>\n<meta name=\"description\" content=\"Dawid Tarczy\u0144ski, Dawid Tarczy\u0144ski Przemy\u015bl, Tarczy\u0144ski Przemy\u015bl, Dawid Tarczy\u0144ski mediator, Dawid Tarczy\u0144ski mediator Przemy\u015bl, Dawid Tarczy\u0144ski mediator s\u0105dowy Przemy\u015bl, Tarczy\u0144ski mediator, Tarczy\u0144ski mediator Przemy\u015bl, Tarczy\u0144ski mediator s\u0105dowy Przemy\u015bl, mediator Przemy\u015bl, mediacje Przemy\u015bl, mediacje s\u0105dowe Przemy\u015bl, Tarczy\u0144ski mediacje Przemy\u015bl, post\u0119powanie mediacyjne, post\u0119powanie mediacyjne Przemy\u015bl, Tarczy\u0144ski mediacje, post\u0119powanie mediacyjne, ugoda mediacyjna, porozumienie, ugoda, sprawa.\" \/>\n<meta name=\"robots\" content=\"index, follow, max-snippet:-1, max-image-preview:large, max-video-preview:-1\" \/>\n<link rel=\"canonical\" href=\"http:\/\/dawidtarczynski.pl\/index.php\/2022\/07\/07\/wpis-2\/\" \/>\n<meta property=\"og:locale\" content=\"pl_PL\" \/>\n<meta property=\"og:type\" content=\"article\" \/>\n<meta property=\"og:title\" content=\"Wpis 2 - Mediator s\u0105dowy i pozas\u0105dowy Przemy\u015bl\" \/>\n<meta property=\"og:description\" content=\"Dawid Tarczy\u0144ski, Dawid Tarczy\u0144ski Przemy\u015bl, Tarczy\u0144ski Przemy\u015bl, Dawid Tarczy\u0144ski mediator, Dawid Tarczy\u0144ski mediator Przemy\u015bl, Dawid Tarczy\u0144ski mediator s\u0105dowy Przemy\u015bl, Tarczy\u0144ski mediator, Tarczy\u0144ski mediator Przemy\u015bl, Tarczy\u0144ski mediator s\u0105dowy Przemy\u015bl, mediator Przemy\u015bl, mediacje Przemy\u015bl, mediacje s\u0105dowe Przemy\u015bl, Tarczy\u0144ski mediacje Przemy\u015bl, post\u0119powanie mediacyjne, post\u0119powanie mediacyjne Przemy\u015bl, Tarczy\u0144ski mediacje, post\u0119powanie mediacyjne, ugoda mediacyjna, porozumienie, ugoda, sprawa.\" \/>\n<meta property=\"og:url\" content=\"http:\/\/dawidtarczynski.pl\/index.php\/2022\/07\/07\/wpis-2\/\" \/>\n<meta property=\"og:site_name\" content=\"Mediator s\u0105dowy i pozas\u0105dowy Przemy\u015bl\" \/>\n<meta property=\"article:published_time\" content=\"2022-07-07T09:47:28+00:00\" \/>\n<meta property=\"article:modified_time\" content=\"2022-07-07T09:47:30+00:00\" \/>\n<meta name=\"author\" content=\"admin\" \/>\n<meta name=\"twitter:card\" content=\"summary_large_image\" \/>\n<meta name=\"twitter:label1\" content=\"Napisane przez\" \/>\n\t<meta name=\"twitter:data1\" content=\"admin\" \/>\n\t<meta name=\"twitter:label2\" content=\"Szacowany czas czytania\" \/>\n\t<meta name=\"twitter:data2\" content=\"1 minuta\" \/>\n<script type=\"application\/ld+json\" class=\"yoast-schema-graph\">{\"@context\":\"https:\/\/schema.org\",\"@graph\":[{\"@type\":\"Article\",\"@id\":\"http:\/\/dawidtarczynski.pl\/index.php\/2022\/07\/07\/wpis-2\/#article\",\"isPartOf\":{\"@id\":\"http:\/\/dawidtarczynski.pl\/index.php\/2022\/07\/07\/wpis-2\/\"},\"author\":{\"name\":\"admin\",\"@id\":\"https:\/\/dawidtarczynski.pl\/#\/schema\/person\/abbcaff80d178a1bceafc8500f7e367a\"},\"headline\":\"Wpis 2\",\"datePublished\":\"2022-07-07T09:47:28+00:00\",\"dateModified\":\"2022-07-07T09:47:30+00:00\",\"mainEntityOfPage\":{\"@id\":\"http:\/\/dawidtarczynski.pl\/index.php\/2022\/07\/07\/wpis-2\/\"},\"wordCount\":2,\"publisher\":{\"@id\":\"https:\/\/dawidtarczynski.pl\/#organization\"},\"articleSection\":[\"Uncategorized\"],\"inLanguage\":\"pl-PL\"},{\"@type\":\"WebPage\",\"@id\":\"http:\/\/dawidtarczynski.pl\/index.php\/2022\/07\/07\/wpis-2\/\",\"url\":\"http:\/\/dawidtarczynski.pl\/index.php\/2022\/07\/07\/wpis-2\/\",\"name\":\"Wpis 2 - Mediator s\u0105dowy i pozas\u0105dowy Przemy\u015bl\",\"isPartOf\":{\"@id\":\"https:\/\/dawidtarczynski.pl\/#website\"},\"datePublished\":\"2022-07-07T09:47:28+00:00\",\"dateModified\":\"2022-07-07T09:47:30+00:00\",\"description\":\"Dawid Tarczy\u0144ski, Dawid Tarczy\u0144ski Przemy\u015bl, Tarczy\u0144ski Przemy\u015bl, Dawid Tarczy\u0144ski mediator, Dawid Tarczy\u0144ski mediator Przemy\u015bl, Dawid Tarczy\u0144ski mediator s\u0105dowy Przemy\u015bl, Tarczy\u0144ski mediator, Tarczy\u0144ski mediator Przemy\u015bl, Tarczy\u0144ski mediator s\u0105dowy Przemy\u015bl, mediator Przemy\u015bl, mediacje Przemy\u015bl, mediacje s\u0105dowe Przemy\u015bl, Tarczy\u0144ski mediacje Przemy\u015bl, post\u0119powanie mediacyjne, post\u0119powanie mediacyjne Przemy\u015bl, Tarczy\u0144ski mediacje, post\u0119powanie mediacyjne, ugoda mediacyjna, porozumienie, ugoda, sprawa.\",\"breadcrumb\":{\"@id\":\"http:\/\/dawidtarczynski.pl\/index.php\/2022\/07\/07\/wpis-2\/#breadcrumb\"},\"inLanguage\":\"pl-PL\",\"potentialAction\":[{\"@type\":\"ReadAction\",\"target\":[\"http:\/\/dawidtarczynski.pl\/index.php\/2022\/07\/07\/wpis-2\/\"]}]},{\"@type\":\"BreadcrumbList\",\"@id\":\"http:\/\/dawidtarczynski.pl\/index.php\/2022\/07\/07\/wpis-2\/#breadcrumb\",\"itemListElement\":[{\"@type\":\"ListItem\",\"position\":1,\"name\":\"Strona g\u0142\u00f3wna\",\"item\":\"http:\/\/dawidtarczynski.pl\/\"},{\"@type\":\"ListItem\",\"position\":2,\"name\":\"Wpis 2\"}]},{\"@type\":\"WebSite\",\"@id\":\"https:\/\/dawidtarczynski.pl\/#website\",\"url\":\"https:\/\/dawidtarczynski.pl\/\",\"name\":\"Mediator s\u0105dowy i pozas\u0105dowy Przemy\u015bl\",\"description\":\"Jestem sta\u0142ym mediatorem s\u0105dowym i pozas\u0105dowym. Posiadam uprawnienia do prowadzenia mediacji cywilnych (rodzinnych, gospodarczych, biznesowych, pracowniczych, medycznych, o\u015bwiatowych, transgranicznych, s\u0105siedzkich, mi\u0119dzypokoleniowych, spadkowych, innych cywilnych), karnych i nieletnich oraz kilkuletnie do\u015bwiadczenie mediatora. R&oacute;wnocze\u015bnie jestem cz\u0142onkiem Polskiego Centrum Mediacji i prawnikiem. Oferuj\u0119 Pa\u0144stwu mo\u017cliwo\u015b\u0107 prowadzenie mediacji zar&oacute;wno w formie bezpo\u015bredniej (spotkania stron w obecno\u015bci mediatora), jak r&oacute;wnie\u017c po\u015bredniej (ka\u017cda ze stron spotyka si\u0119 z mediatorem osobno) oraz z wykorzystaniem \u015brodk&oacute;w komunikacji elektronicznej (internetu). W przypadku zaistnienia takiej potrzeby mo\u017cliwe jest prowadzenie mediacji z udzia\u0142em innych specjalist&oacute;w w dyskretnej i przyjaznej atmosferze.\",\"publisher\":{\"@id\":\"https:\/\/dawidtarczynski.pl\/#organization\"},\"potentialAction\":[{\"@type\":\"SearchAction\",\"target\":{\"@type\":\"EntryPoint\",\"urlTemplate\":\"https:\/\/dawidtarczynski.pl\/?s={search_term_string}\"},\"query-input\":\"required name=search_term_string\"}],\"inLanguage\":\"pl-PL\"},{\"@type\":\"Organization\",\"@id\":\"https:\/\/dawidtarczynski.pl\/#organization\",\"name\":\"Dawid Tarczy\u0144ski mediator s\u0105dowy i pozas\u0105dowy\",\"url\":\"https:\/\/dawidtarczynski.pl\/\",\"logo\":{\"@type\":\"ImageObject\",\"inLanguage\":\"pl-PL\",\"@id\":\"https:\/\/dawidtarczynski.pl\/#\/schema\/logo\/image\/\",\"url\":\"http:\/\/dawidtarczynski.pl\/wp-content\/uploads\/2022\/04\/logo2.png\",\"contentUrl\":\"http:\/\/dawidtarczynski.pl\/wp-content\/uploads\/2022\/04\/logo2.png\",\"width\":223,\"height\":67,\"caption\":\"Dawid Tarczy\u0144ski mediator s\u0105dowy i pozas\u0105dowy\"},\"image\":{\"@id\":\"https:\/\/dawidtarczynski.pl\/#\/schema\/logo\/image\/\"}},{\"@type\":\"Person\",\"@id\":\"https:\/\/dawidtarczynski.pl\/#\/schema\/person\/abbcaff80d178a1bceafc8500f7e367a\",\"name\":\"admin\",\"image\":{\"@type\":\"ImageObject\",\"inLanguage\":\"pl-PL\",\"@id\":\"https:\/\/dawidtarczynski.pl\/#\/schema\/person\/image\/\",\"url\":\"https:\/\/secure.gravatar.com\/avatar\/da0b907171bce0b0c645154d213993f3c5ab4d7aa9ee891656b0be0bbca5ab3e?s=96&d=mm&r=g\",\"contentUrl\":\"https:\/\/secure.gravatar.com\/avatar\/da0b907171bce0b0c645154d213993f3c5ab4d7aa9ee891656b0be0bbca5ab3e?s=96&d=mm&r=g\",\"caption\":\"admin\"},\"sameAs\":[\"http:\/\/dawidtarczynski.pl\"],\"url\":\"http:\/\/dawidtarczynski.pl\/index.php\/author\/admin\/\"}]}<\/script>\n<!-- \/ Yoast SEO plugin. -->","yoast_head_json":{"title":"Wpis 2 - Mediator s\u0105dowy i pozas\u0105dowy Przemy\u015bl","description":"Dawid Tarczy\u0144ski, Dawid Tarczy\u0144ski Przemy\u015bl, Tarczy\u0144ski Przemy\u015bl, Dawid Tarczy\u0144ski mediator, Dawid Tarczy\u0144ski mediator Przemy\u015bl, Dawid Tarczy\u0144ski mediator s\u0105dowy Przemy\u015bl, Tarczy\u0144ski mediator, Tarczy\u0144ski mediator Przemy\u015bl, Tarczy\u0144ski mediator s\u0105dowy Przemy\u015bl, mediator Przemy\u015bl, mediacje Przemy\u015bl, mediacje s\u0105dowe Przemy\u015bl, Tarczy\u0144ski mediacje Przemy\u015bl, post\u0119powanie mediacyjne, post\u0119powanie mediacyjne Przemy\u015bl, Tarczy\u0144ski mediacje, post\u0119powanie mediacyjne, ugoda mediacyjna, porozumienie, ugoda, sprawa.","robots":{"index":"index","follow":"follow","max-snippet":"max-snippet:-1","max-image-preview":"max-image-preview:large","max-video-preview":"max-video-preview:-1"},"canonical":"http:\/\/dawidtarczynski.pl\/index.php\/2022\/07\/07\/wpis-2\/","og_locale":"pl_PL","og_type":"article","og_title":"Wpis 2 - Mediator s\u0105dowy i pozas\u0105dowy Przemy\u015bl","og_description":"Dawid Tarczy\u0144ski, Dawid Tarczy\u0144ski Przemy\u015bl, Tarczy\u0144ski Przemy\u015bl, Dawid Tarczy\u0144ski mediator, Dawid Tarczy\u0144ski mediator Przemy\u015bl, Dawid Tarczy\u0144ski mediator s\u0105dowy Przemy\u015bl, Tarczy\u0144ski mediator, Tarczy\u0144ski mediator Przemy\u015bl, Tarczy\u0144ski mediator s\u0105dowy Przemy\u015bl, mediator Przemy\u015bl, mediacje Przemy\u015bl, mediacje s\u0105dowe Przemy\u015bl, Tarczy\u0144ski mediacje Przemy\u015bl, post\u0119powanie mediacyjne, post\u0119powanie mediacyjne Przemy\u015bl, Tarczy\u0144ski mediacje, post\u0119powanie mediacyjne, ugoda mediacyjna, porozumienie, ugoda, sprawa.","og_url":"http:\/\/dawidtarczynski.pl\/index.php\/2022\/07\/07\/wpis-2\/","og_site_name":"Mediator s\u0105dowy i pozas\u0105dowy Przemy\u015bl","article_published_time":"2022-07-07T09:47:28+00:00","article_modified_time":"2022-07-07T09:47:30+00:00","author":"admin","twitter_card":"summary_large_image","twitter_misc":{"Napisane przez":"admin","Szacowany czas czytania":"1 minuta"},"schema":{"@context":"https:\/\/schema.org","@graph":[{"@type":"Article","@id":"http:\/\/dawidtarczynski.pl\/index.php\/2022\/07\/07\/wpis-2\/#article","isPartOf":{"@id":"http:\/\/dawidtarczynski.pl\/index.php\/2022\/07\/07\/wpis-2\/"},"author":{"name":"admin","@id":"https:\/\/dawidtarczynski.pl\/#\/schema\/person\/abbcaff80d178a1bceafc8500f7e367a"},"headline":"Wpis 2","datePublished":"2022-07-07T09:47:28+00:00","dateModified":"2022-07-07T09:47:30+00:00","mainEntityOfPage":{"@id":"http:\/\/dawidtarczynski.pl\/index.php\/2022\/07\/07\/wpis-2\/"},"wordCount":2,"publisher":{"@id":"https:\/\/dawidtarczynski.pl\/#organization"},"articleSection":["Uncategorized"],"inLanguage":"pl-PL"},{"@type":"WebPage","@id":"http:\/\/dawidtarczynski.pl\/index.php\/2022\/07\/07\/wpis-2\/","url":"http:\/\/dawidtarczynski.pl\/index.php\/2022\/07\/07\/wpis-2\/","name":"Wpis 2 - Mediator s\u0105dowy i pozas\u0105dowy Przemy\u015bl","isPartOf":{"@id":"https:\/\/dawidtarczynski.pl\/#website"},"datePublished":"2022-07-07T09:47:28+00:00","dateModified":"2022-07-07T09:47:30+00:00","description":"Dawid Tarczy\u0144ski, Dawid Tarczy\u0144ski Przemy\u015bl, Tarczy\u0144ski Przemy\u015bl, Dawid Tarczy\u0144ski mediator, Dawid Tarczy\u0144ski mediator Przemy\u015bl, Dawid Tarczy\u0144ski mediator s\u0105dowy Przemy\u015bl, Tarczy\u0144ski mediator, Tarczy\u0144ski mediator Przemy\u015bl, Tarczy\u0144ski mediator s\u0105dowy Przemy\u015bl, mediator Przemy\u015bl, mediacje Przemy\u015bl, mediacje s\u0105dowe Przemy\u015bl, Tarczy\u0144ski mediacje Przemy\u015bl, post\u0119powanie mediacyjne, post\u0119powanie mediacyjne Przemy\u015bl, Tarczy\u0144ski mediacje, post\u0119powanie mediacyjne, ugoda mediacyjna, porozumienie, ugoda, sprawa.","breadcrumb":{"@id":"http:\/\/dawidtarczynski.pl\/index.php\/2022\/07\/07\/wpis-2\/#breadcrumb"},"inLanguage":"pl-PL","potentialAction":[{"@type":"ReadAction","target":["http:\/\/dawidtarczynski.pl\/index.php\/2022\/07\/07\/wpis-2\/"]}]},{"@type":"BreadcrumbList","@id":"http:\/\/dawidtarczynski.pl\/index.php\/2022\/07\/07\/wpis-2\/#breadcrumb","itemListElement":[{"@type":"ListItem","position":1,"name":"Strona g\u0142\u00f3wna","item":"http:\/\/dawidtarczynski.pl\/"},{"@type":"ListItem","position":2,"name":"Wpis 2"}]},{"@type":"WebSite","@id":"https:\/\/dawidtarczynski.pl\/#website","url":"https:\/\/dawidtarczynski.pl\/","name":"Mediator s\u0105dowy i pozas\u0105dowy Przemy\u015bl","description":"Jestem sta\u0142ym mediatorem s\u0105dowym i pozas\u0105dowym. Posiadam uprawnienia do prowadzenia mediacji cywilnych (rodzinnych, gospodarczych, biznesowych, pracowniczych, medycznych, o\u015bwiatowych, transgranicznych, s\u0105siedzkich, mi\u0119dzypokoleniowych, spadkowych, innych cywilnych), karnych i nieletnich oraz kilkuletnie do\u015bwiadczenie mediatora. R&oacute;wnocze\u015bnie jestem cz\u0142onkiem Polskiego Centrum Mediacji i prawnikiem. Oferuj\u0119 Pa\u0144stwu mo\u017cliwo\u015b\u0107 prowadzenie mediacji zar&oacute;wno w formie bezpo\u015bredniej (spotkania stron w obecno\u015bci mediatora), jak r&oacute;wnie\u017c po\u015bredniej (ka\u017cda ze stron spotyka si\u0119 z mediatorem osobno) oraz z wykorzystaniem \u015brodk&oacute;w komunikacji elektronicznej (internetu). W przypadku zaistnienia takiej potrzeby mo\u017cliwe jest prowadzenie mediacji z udzia\u0142em innych specjalist&oacute;w w dyskretnej i przyjaznej atmosferze.","publisher":{"@id":"https:\/\/dawidtarczynski.pl\/#organization"},"potentialAction":[{"@type":"SearchAction","target":{"@type":"EntryPoint","urlTemplate":"https:\/\/dawidtarczynski.pl\/?s={search_term_string}"},"query-input":"required name=search_term_string"}],"inLanguage":"pl-PL"},{"@type":"Organization","@id":"https:\/\/dawidtarczynski.pl\/#organization","name":"Dawid Tarczy\u0144ski mediator s\u0105dowy i pozas\u0105dowy","url":"https:\/\/dawidtarczynski.pl\/","logo":{"@type":"ImageObject","inLanguage":"pl-PL","@id":"https:\/\/dawidtarczynski.pl\/#\/schema\/logo\/image\/","url":"http:\/\/dawidtarczynski.pl\/wp-content\/uploads\/2022\/04\/logo2.png","contentUrl":"http:\/\/dawidtarczynski.pl\/wp-content\/uploads\/2022\/04\/logo2.png","width":223,"height":67,"caption":"Dawid Tarczy\u0144ski mediator s\u0105dowy i pozas\u0105dowy"},"image":{"@id":"https:\/\/dawidtarczynski.pl\/#\/schema\/logo\/image\/"}},{"@type":"Person","@id":"https:\/\/dawidtarczynski.pl\/#\/schema\/person\/abbcaff80d178a1bceafc8500f7e367a","name":"admin","image":{"@type":"ImageObject","inLanguage":"pl-PL","@id":"https:\/\/dawidtarczynski.pl\/#\/schema\/person\/image\/","url":"https:\/\/secure.gravatar.com\/avatar\/da0b907171bce0b0c645154d213993f3c5ab4d7aa9ee891656b0be0bbca5ab3e?s=96&d=mm&r=g","contentUrl":"https:\/\/secure.gravatar.com\/avatar\/da0b907171bce0b0c645154d213993f3c5ab4d7aa9ee891656b0be0bbca5ab3e?s=96&d=mm&r=g","caption":"admin"},"sameAs":["http:\/\/dawidtarczynski.pl"],"url":"http:\/\/dawidtarczynski.pl\/index.php\/author\/admin\/"}]}},"_links":{"self":[{"href":"http:\/\/dawidtarczynski.pl\/index.php\/wp-json\/wp\/v2\/posts\/1574","targetHints":{"allow":["GET"]}}],"collection":[{"href":"http:\/\/dawidtarczynski.pl\/index.php\/wp-json\/wp\/v2\/posts"}],"about":[{"href":"http:\/\/dawidtarczynski.pl\/index.php\/wp-json\/wp\/v2\/types\/post"}],"author":[{"embeddable":true,"href":"http:\/\/dawidtarczynski.pl\/index.php\/wp-json\/wp\/v2\/users\/1"}],"replies":[{"embeddable":true,"href":"http:\/\/dawidtarczynski.pl\/index.php\/wp-json\/wp\/v2\/comments?post=1574"}],"version-history":[{"count":1,"href":"http:\/\/dawidtarczynski.pl\/index.php\/wp-json\/wp\/v2\/posts\/1574\/revisions"}],"predecessor-version":[{"id":1575,"href":"http:\/\/dawidtarczynski.pl\/index.php\/wp-json\/wp\/v2\/posts\/1574\/revisions\/1575"}],"wp:attachment":[{"href":"http:\/\/dawidtarczynski.pl\/index.php\/wp-json\/wp\/v2\/media?parent=1574"}],"wp:term":[{"taxonomy":"category","embeddable":true,"href":"http:\/\/dawidtarczynski.pl\/index.php\/wp-json\/wp\/v2\/categories?post=1574"},{"taxonomy":"post_tag","embeddable":true,"href":"http:\/\/dawidtarczynski.pl\/index.php\/wp-json\/wp\/v2\/tags?post=1574"}],"curies":[{"name":"wp","href":"https:\/\/api.w.org\/{rel}","templated":true}]}}